[{"@context":"https:\/\/schema.org\/","@type":"Article","@id":"https:\/\/www.anavel.cz\/rozbita-vana\/#Article","mainEntityOfPage":"https:\/\/www.anavel.cz\/rozbita-vana\/","headline":"Rozbit\u00e1 vana","name":"Rozbit\u00e1 vana","description":"Mysl\u00edm si, \u017ee mnoho lid\u00ed chce bydlet hlavn\u011b pohodln\u011b. J\u00e1 jsem si potom \u0159ekla, \u017ee kdyby bylo po m\u00e9m, tak bych byla st\u00e1le klidn\u011b a bez stresu. A jsem toti\u017e&hellip;","datePublished":"2022-12-13","dateModified":"2023-09-13","author":{"@type":"Person","@id":"https:\/\/www.anavel.cz\/author\/#Person","name":"","url":"https:\/\/www.anavel.cz\/author\/","identifier":1,"image":{"@type":"ImageObject","@id":"https:\/\/secure.gravatar.com\/avatar\/7b822bed19dfbc78d1cf42b3649cc2489d12c54b7aef64ae719c01ed9f13d563?s=96&d=mm&r=g","url":"https:\/\/secure.gravatar.com\/avatar\/7b822bed19dfbc78d1cf42b3649cc2489d12c54b7aef64ae719c01ed9f13d563?s=96&d=mm&r=g","height":96,"width":96}},"publisher":{"@type":"Organization","name":"anavel.cz","logo":{"@type":"ImageObject","@id":"\/logo.png","url":"\/logo.png","width":600,"height":60}},"image":{"@type":"ImageObject","@id":"https:\/\/www.anavel.cz\/wp-content\/uploads\/pen-2398693_960_720_1.jpg","url":"https:\/\/www.anavel.cz\/wp-content\/uploads\/pen-2398693_960_720_1.jpg","height":0,"width":0},"url":"https:\/\/www.anavel.cz\/rozbita-vana\/","about":["Business"],"wordCount":399,"articleBody":"        Mysl\u00edm si, \u017ee mnoho lid\u00ed chce bydlet hlavn\u011b pohodln\u011b. J\u00e1 jsem si potom \u0159ekla, \u017ee kdyby bylo po m\u00e9m, tak bych byla st\u00e1le klidn\u011b a bez stresu. A jsem toti\u017e takov\u00fd velice klidn\u00fd \u010dlov\u011bk a\u017e jsem introvert, ale taky n\u011bkdy extrovert. M\u00e1m r\u00e1da spole\u010dnost a jsem r\u00e1da, kdy\u017e v\u0161ichni lid\u00e9 kolem n\u011bj jsou spokojen\u00ed. A to v\u0161em ale ne v\u017edy se mi to poda\u0159\u00ed. Proto\u017ee i j\u00e1 zase taky n\u011bkdy vybouchnu, kdy\u017e se mi t\u0159eba n\u011bco rozbije. Kolikr\u00e1t se mi stalo, \u017ee si koup\u00edm n\u011bjakou novou v\u011bc, kter\u00e1 se mi opravdu za chvilku rozbije. To je opravdu k vzteku. No vy byste nebyli na\u0161tvan\u00ed? Kdybyste si koupili n\u011bco drah\u00e9ho a za chvilku by se v\u00e1m to rozbilo, a ne vlastn\u00ed vinou?Kolikr\u00e1t se mi stane, \u017ee se koup\u00edm n\u011bjakou elektroniku, kter\u00e1 mi ze dne na den bohu\u017eel \u00fapln\u011b rozbije. A jednou se mi to jednou stalo s v\u00ed\u0159ivou vanou. Musela jsem ihned vyhledat webov\u00e9 str\u00e1nky, odkud jsem v\u00ed\u0159ivou vanu koupila. A tam jsem p\u0159es kontaktn\u00ed formul\u00e1\u0159 pr\u00e1v\u011b informovala obchod, \u017ee se mi v\u00ed\u0159iv\u00e1 vana od nich rozbila. A byla jsem sice nakonec r\u00e1da, \u017ee se mi do dvou dn\u016f ozvali a sl\u00edbili mi, \u017ee vadu odstran\u00ed a byla jsem spokojen\u00e1, ale zase jsem byla na\u0161tvan\u00e1, \u017ee v\u00ed\u0159ivou vanu nemohu pou\u017e\u00edvat. Nakonec p\u0159es kontaktn\u00ed formul\u00e1\u0159 https:\/\/servisvirivychvan.cz\/kontakt\/ se mi ozvali a byla jsem r\u00e1da, kdy se potom pro v\u00ed\u0159ivou vanu p\u0159ijeli. A dali mi \u00fapln\u011b jinou. M\u011bla jsem toti\u017e na\u0161t\u011bst\u00ed ud\u011blanou okam\u017eitou v\u00fdm\u011bnu. A okam\u017eitou v\u00fdm\u011bnu taky doporu\u010duji v\u0161em, proto\u017ee se nemus\u00edte b\u00e1t, \u017ee potom p\u0159ijdete o n\u011bjak\u00e9 zbo\u017e\u00ed, na kter\u00e9 jste se velice t\u011b\u0161ili. A tak\u017ee jsem r\u00e1da, \u017ee existuje kontaktn\u00ed formul\u00e1\u0159 a \u017ee funguje, proto\u017ee jsem se dozv\u011bd\u011bla, \u017ee n\u011bkdo chce taky n\u011bco reklamovat p\u0159es kontaktn\u00ed formul\u00e1\u0159 a bohu\u017eel se mu to nepoda\u0159\u00ed. A taky si dejte pozor na podvodn\u00e9 e-shopy, kter\u00fdch je v posledn\u00ed dob\u011b bohu\u017eel opravdu hodn\u011b. A u\u017e jste taky n\u011bkdy pou\u017eili kontaktn\u00ed formul\u00e1\u0159 k reklamaci jako j\u00e1?                                                                                                                                                                                                                                                                                                                                                                                                   "},{"@context":"https:\/\/schema.org\/","@type":"BreadcrumbList","itemListElement":[{"@type":"ListItem","position":1,"name":"Rozbit\u00e1 vana","item":"https:\/\/www.anavel.cz\/rozbita-vana\/#breadcrumbitem"}]}]