[{"@context":"https:\/\/schema.org\/","@type":"Article","@id":"https:\/\/www.anavel.cz\/mikiny-pro-firmy\/#Article","mainEntityOfPage":"https:\/\/www.anavel.cz\/mikiny-pro-firmy\/","headline":"Mikiny pro firmy","name":"Mikiny pro firmy","description":"V\u017edycky jsem se moc r\u00e1da obl\u00e9kala. A jako prvn\u00ed jsem v\u017edycky d\u00e1vala na kvalitu. A sice ano, d\u0159\u00edve, kdy\u017e jsem byla mlad\u00e1 a byla jsem teenager, tak jsem v\u017edy dala&hellip;","datePublished":"2022-11-29","dateModified":"2023-05-18","author":{"@type":"Person","@id":"https:\/\/www.anavel.cz\/author\/#Person","name":"","url":"https:\/\/www.anavel.cz\/author\/","identifier":1,"image":{"@type":"ImageObject","@id":"https:\/\/secure.gravatar.com\/avatar\/7b822bed19dfbc78d1cf42b3649cc2489d12c54b7aef64ae719c01ed9f13d563?s=96&d=mm&r=g","url":"https:\/\/secure.gravatar.com\/avatar\/7b822bed19dfbc78d1cf42b3649cc2489d12c54b7aef64ae719c01ed9f13d563?s=96&d=mm&r=g","height":96,"width":96}},"publisher":{"@type":"Organization","name":"anavel.cz","logo":{"@type":"ImageObject","@id":"\/logo.png","url":"\/logo.png","width":600,"height":60}},"image":{"@type":"ImageObject","@id":"https:\/\/www.anavel.cz\/wp-content\/uploads\/man-1283576_960_720.jpg","url":"https:\/\/www.anavel.cz\/wp-content\/uploads\/man-1283576_960_720.jpg","height":0,"width":0},"url":"https:\/\/www.anavel.cz\/mikiny-pro-firmy\/","about":["Nakupov\u00e1n\u00ed"],"wordCount":415,"articleBody":"      V\u017edycky jsem se moc r\u00e1da obl\u00e9kala. A jako prvn\u00ed jsem v\u017edycky d\u00e1vala na kvalitu. A sice ano, d\u0159\u00edve, kdy\u017e jsem byla mlad\u00e1 a byla jsem teenager, tak jsem v\u017edy dala sp\u00ed\u0161e na to, abych toho doma oble\u010den\u00ed m\u011bla opravdu v\u00edce. A bylo mi \u00fapln\u011b jedno, jestli je to kvalitn\u00ed anebo nen\u00ed. Sp\u00ed\u0161e mi \u0161lo o to, abych se p\u0159ed v\u0161emi kamar\u00e1dy a kamar\u00e1dkami vyt\u00e1hla, \u017ee m\u00e1m opravdu pln\u00e9 sk\u0159\u00edn\u011b skv\u011bl\u00e9ho oble\u010den\u00ed. Jist\u011b si to dok\u00e1\u017eete p\u0159edstavit a d\u00e1te mi taky za pravdu, \u017ee ka\u017ed\u00fd teenager by cht\u011bl m\u00edt n\u011bco, co nem\u00e1 jenom tak n\u011bkdo. A j\u00e1 jsem v\u017edycky tou\u017eila po tom, \u017ee budu m\u00edt pln\u00e9 sk\u0159\u00edn\u011b. Na\u0161t\u011bst\u00ed se mi to poda\u0159ilo, proto\u017ee moje m\u00e1ma velice \u010dasto chodila nakupovat do second handu anebo jsem taky mnoho oble\u010den\u00ed t\u0159eba zd\u011bdila po sv\u00e9 sest\u0159enici. A proto, kdy jsem potom dosp\u00edvala a \u0161la jsem pracovat do pr\u00e1ce, tak jsme tam pot\u0159ebovali taky r\u016fzn\u00e9 reklamn\u00ed v\u011bci, jako nap\u0159\u00edklad reklamn\u00ed mikiny anebo reklamn\u00ed \u010depice. A oble\u010den\u00ed v\u017edycky pot\u011b\u0161\u00ed, pokud je n\u011bjak\u00e1 sle\u010dna anebo chlapec, kte\u0159\u00ed se zaj\u00edmaj\u00ed o m\u00f3du.A na webov\u00e9 str\u00e1nce promotextile.cz najdete nap\u0159\u00edklad reklamn\u00ed mikiny, kter\u00e9 dod\u00e1vaj\u00ed kvalitn\u00ed a reklamn\u00ed textil. A m\u016f\u017eete se tady vybrat velikost t\u0159eba nap\u0159\u00edklad i xxs anebo v\u011bt\u0161\u00ed velikosti, prost\u011b takov\u00e9, jak\u00e9 se v\u00e1m hod\u00ed. M\u016f\u017eete si na mikinu anebo na jin\u00e9 oble\u010den\u00ed p\u0159idat taky logo firmy anebo jinak \u0159e\u0161enou reklamu, kter\u00e1 se v\u00e1m bude l\u00edbit a aby to na mikin\u011b anebo dal\u0161\u00edm oble\u010den\u00ed opravdu kr\u00e1sn\u011b vyj\u00edmalo. Na t\u00e9to webov\u00e9 str\u00e1nce najdete tak\u00e9 ko\u0161ile a poloko\u0161ile nebo \u010depice a leg\u00edny. Mikiny ur\u010den\u00e9 pro b\u011b\u017en\u00e9 no\u0161en\u00ed i jako reklamn\u00ed propaga\u010dn\u00ed materi\u00e1l jsou \u0161edes\u00e1t p\u011bt procent bavlna t\u0159icet p\u011bt procent polyester. To nevad\u00ed, proto\u017ee si taky m\u016f\u017eete vybrat z pestr\u00e9 barvy nap\u0159\u00edklad \u010dervenou, modrou anebo dal\u0161\u00ed barvy. Z\u00e1le\u017e\u00ed pouze na v\u00e1s, jak\u00e1 reklamn\u00ed mikina se v\u00e1m bude l\u00edbit. Reklamn\u00ed mikiny Promotextil tady jsou nap\u0159\u00edklad taky s kapsou klokankou anebo klasick\u00e9 mikiny a po\u0159\u00edd\u00edte je taky unisex proveden\u00ed.                                                                                                                                                                                                                                                                                                                                                                                                   "},{"@context":"https:\/\/schema.org\/","@type":"BreadcrumbList","itemListElement":[{"@type":"ListItem","position":1,"name":"Mikiny pro firmy","item":"https:\/\/www.anavel.cz\/mikiny-pro-firmy\/#breadcrumbitem"}]}]