[{"@context":"https:\/\/schema.org\/","@type":"Article","@id":"https:\/\/www.anavel.cz\/kdyz-mate-par-kilo-navic\/#Article","mainEntityOfPage":"https:\/\/www.anavel.cz\/kdyz-mate-par-kilo-navic\/","headline":"Kdy\u017e m\u00e1te p\u00e1r kilo nav\u00edc","name":"Kdy\u017e m\u00e1te p\u00e1r kilo nav\u00edc","description":"Ka\u017ed\u00e1 \u017eena, kter\u00e1 m\u00e1 p\u00e1r kilo nav\u00edc, v\u00e1m potvrd\u00ed, \u017ee \u017eivot s nadv\u00e1hou je, a nejen co se t\u00fdk\u00e1 oble\u010den\u00ed, slo\u017eit\u011bj\u0161\u00ed. Ne v\u0161e slu\u0161\u00ed kyp\u0159ej\u0161\u00ed postav\u011b a koup\u011b oble\u010den\u00ed je&hellip;","datePublished":"2022-09-07","dateModified":"2023-05-18","author":{"@type":"Person","@id":"https:\/\/www.anavel.cz\/author\/#Person","name":"","url":"https:\/\/www.anavel.cz\/author\/","identifier":1,"image":{"@type":"ImageObject","@id":"https:\/\/secure.gravatar.com\/avatar\/7b822bed19dfbc78d1cf42b3649cc2489d12c54b7aef64ae719c01ed9f13d563?s=96&d=mm&r=g","url":"https:\/\/secure.gravatar.com\/avatar\/7b822bed19dfbc78d1cf42b3649cc2489d12c54b7aef64ae719c01ed9f13d563?s=96&d=mm&r=g","height":96,"width":96}},"publisher":{"@type":"Organization","name":"anavel.cz","logo":{"@type":"ImageObject","@id":"\/logo.png","url":"\/logo.png","width":600,"height":60}},"image":{"@type":"ImageObject","@id":"https:\/\/www.anavel.cz\/wp-content\/uploads\/kv%C4%9Btovan%C3%A9%20%C5%A1aty.jpg","url":"https:\/\/www.anavel.cz\/wp-content\/uploads\/kv%C4%9Btovan%C3%A9%20%C5%A1aty.jpg","height":0,"width":0},"url":"https:\/\/www.anavel.cz\/kdyz-mate-par-kilo-navic\/","wordCount":448,"articleBody":"      Ka\u017ed\u00e1 \u017eena, kter\u00e1 m\u00e1 p\u00e1r kilo nav\u00edc, v\u00e1m potvrd\u00ed, \u017ee \u017eivot s nadv\u00e1hou je, a nejen co se t\u00fdk\u00e1 oble\u010den\u00ed, slo\u017eit\u011bj\u0161\u00ed. Ne v\u0161e slu\u0161\u00ed kyp\u0159ej\u0161\u00ed postav\u011b a koup\u011b oble\u010den\u00ed je t\u00edm p\u00e1dem n\u00e1ro\u010dn\u011bj\u0161\u00ed. Ka\u017ed\u00e1 \u017eena, kter\u00e1 nem\u00e1 m\u00edry modelek, mus\u00ed naj\u00edt obchod, ve kter\u00e9m ji nab\u00eddnou oble\u010den\u00ed ve v\u011bt\u0161\u00edch velikostech a p\u0159itom to bude slu\u0161iv\u00e9 a elegantn\u00ed oble\u010den\u00ed a ne n\u011bjak\u00e9 \u0161irok\u00e9 halenky \u010di pytlovit\u00e9 \u0161aty, kter\u00e9 neslu\u0161\u00ed snad nikomu. V zim\u011b je to s n\u00e1kupy oble\u010den\u00ed trochu jednodu\u0161\u0161\u00ed. Oble\u010den\u00ed si vyb\u00edr\u00e1me sp\u00ed\u0161e podle jeho h\u0159ejivosti a v\u011bt\u0161ina \u017een nos\u00ed celou zimu tepl\u00e9 svetry a h\u0159ejiv\u00e9 leg\u00edny. Ale kdy\u017e p\u0159ijde l\u00e9to, n\u00e1roky na oble\u010den\u00ed se zm\u011bn\u00ed.Pokud m\u00e1te p\u00e1r kilo nav\u00edc ne\u017e byste m\u011bla m\u00edt dle BMI tabulek, budete se v l\u00e9t\u011b potit v\u00edce a budete muset \u0159e\u0161it oble\u010den\u00ed tak, aby va\u0161i teplotu je\u0161t\u011b nezvy\u0161ovalo, ale aby bylo pohodln\u00e9, elegantn\u00ed a, zkr\u00e1tka aby bylo letn\u00ed. Sice \u017eijeme v m\u00edrn\u00e9 p\u00e1smu, ale l\u00e9to ob\u010das um\u00ed b\u00fdt po\u0159\u00e1dn\u011b hork\u00e9 a to potom \u0159e\u0161\u00edme co na sebe, abychom se na cest\u011b do pr\u00e1ci \u010di v pr\u00e1ci c\u00edtili pokud mo\u017eno komfortn\u011b a v oble\u010den\u00ed se zbyte\u010dn\u011b nepotili a doslova neuva\u0159ili. Mlad\u00e9 d\u00edvky si oble\u010denou kr\u00e1tk\u00fd top a minisukni a nemaj\u00ed s t\u00edm sebemen\u0161\u00ed probl\u00e9m, ale co \u017eeny st\u0159edn\u00edho v\u011bku nebo \u017eeny s nadv\u00e1hou? Mus\u00ed si naj\u00edt kvalifikovan\u00fd obchod, kter\u00fd jim nab\u00eddne oble\u010den\u00ed v\u011bt\u0161\u00edch velikost\u00ed a kter\u00fd jim z\u00e1rove\u0148 poskytne radu se st\u0159ihem, kter\u00fd postav\u011b bude slu\u0161et. Letn\u00ed \u0161aty XL v\u00e1m nab\u00edz\u00ed nap\u0159. firma Lasilueta. Elegantn\u00ed letn\u00ed \u0161aty, kter\u00e9 budou lichotiv\u00e9 k va\u0161\u00ed postav\u011b a ve kter\u00fdch se budete c\u00edtit pohodln\u011b. M\u00edt nadv\u00e1hu nemus\u00ed v\u017edy znamenat, \u017ee se p\u0159ej\u00edd\u00e1te a \u017ee si za svou nadv\u00e1hu m\u016f\u017eete samy. Je \u0159ad nemoc\u00ed, jejich vedlej\u0161\u00edm \u00fa\u010dinkem m\u016f\u017ee b\u00fdt p\u0159ib\u00edr\u00e1n\u00ed na v\u00e1ze. Netrapte se a po\u0159i\u010fte si oble\u010den\u00ed, kter\u00e9 v\u00e1m bude slu\u0161et a ve kter\u00e9m se budete c\u00edtit \u017eensky i s va\u0161imi kile\u010dky nav\u00edc. V\u017edy\u0165 ne v\u0161em mu\u017e\u016fm se l\u00edb\u00ed vychrtl\u00e9 \u017eeny, \u0159ada z nich m\u00e1 rad\u0161i i ty, kter\u00e9 je za co chytnout.                                                                                                                                                                                                                                                                                                                                                                                                   "},{"@context":"https:\/\/schema.org\/","@type":"BreadcrumbList","itemListElement":[{"@type":"ListItem","position":1,"name":"Kdy\u017e m\u00e1te p\u00e1r kilo nav\u00edc","item":"https:\/\/www.anavel.cz\/kdyz-mate-par-kilo-navic\/#breadcrumbitem"}]}]